{"id":241648,"date":"2026-04-29T10:07:11","date_gmt":"2026-04-29T08:07:11","guid":{"rendered":"https:\/\/grand-egersund.no\/?p=241648"},"modified":"2026-04-29T13:05:06","modified_gmt":"2026-04-29T11:05:06","slug":"oppdatering-om-streik","status":"publish","type":"post","link":"https:\/\/grand-egersund.no\/en\/aktuelt\/oppdatering-om-streik\/","title":{"rendered":"Oppdatering om streik"},"content":{"rendered":"<p>[et_pb_section fb_built=&raquo;1&#8243; admin_label=&raquo;section&raquo; _builder_version=&raquo;4.16&#8243; global_colors_info=&raquo;{}&raquo; theme_builder_area=&raquo;post_content&raquo;][et_pb_row admin_label=&raquo;row&raquo; _builder_version=&raquo;4.16&#8243; background_size=&raquo;initial&raquo; background_position=&raquo;top_left&raquo; background_repeat=&raquo;repeat&raquo; global_colors_info=&raquo;{}&raquo; theme_builder_area=&raquo;post_content&raquo;][et_pb_column type=&raquo;4_4&#8243; _builder_version=&raquo;4.16&#8243; custom_padding=&raquo;|||&raquo; global_colors_info=&raquo;{}&raquo; custom_padding__hover=&raquo;|||&raquo; theme_builder_area=&raquo;post_content&raquo;][et_pb_text admin_label=&raquo;Text&raquo; _builder_version=&raquo;4.16&#8243; background_size=&raquo;initial&raquo; background_position=&raquo;top_left&raquo; background_repeat=&raquo;repeat&raquo; global_colors_info=&raquo;{}&raquo; theme_builder_area=&raquo;post_content&raquo;]<\/p>\n<p>Det er streik i hotell- og restaurantn\u00e6ringen etter brudd i l\u00f8nnsforhandlingene.<\/p>\n<p>Vi er fra s\u00f8ndag 3.mai ber\u00f8rt, og noen av v\u00e5re ansatte er tatt ut i streik.<\/p>\n<p>Hos oss p\u00e5 Grand Hotell Egersund gj\u00f8r vi v\u00e5rt beste for \u00e5 holde driften i gang og skape gode opplevelser for gjestene v\u00e5re, innenfor rammene av streiken. Hotellet og Eigra holder \u00e5pent, men er noe ber\u00f8rt. Det kan derfor hende at enkelte tilbud og tjenester er midlertidig redusert eller ikke tilgjengelige.<\/p>\n<p>Dersom det blir endring i \u00e5pningstider vil vi ogs\u00e5 informere om dette.\u00a0<\/p>\n<p>Vi kontakter deg dersom din reservasjon er ber\u00f8rt. H\u00f8rer du ikke noe fra oss vil alt v\u00e6re som normalt.<\/p>\n<p>\u00d8nsker du \u00e5 komme i kontakt med oss? Ring resepsjonen p\u00e5 +47 51 49 60 60 eller kontakt oss p\u00e5 <a href=\"mailto:booking@grand-egersund.no\">booking@grand-egersund.no<\/a><\/p>\n<p>[\/et_pb_text][\/et_pb_column][\/et_pb_row][\/et_pb_section]<\/p>\n","protected":false},"excerpt":{"rendered":"<p>Les mer om hvordan streiken ber\u00f8rer oss. <\/p>","protected":false},"author":6,"featured_media":238735,"comment_status":"closed","ping_status":"closed","sticky":false,"template":"","format":"standard","meta":{"_et_pb_use_builder":"on","_et_pb_old_content":"Det er streik i hotell- og restaurantn\u00e6ringen etter brudd i l\u00f8nnsforhandlingene.\r\n\r\nVi er fra s\u00f8ndag 3.mai ber\u00f8rt, og en del av v\u00e5re ansatte er tatt ut i streik.\r\n\r\nHos oss p\u00e5 Grand Hotell Egersund gj\u00f8r vi v\u00e5rt beste for \u00e5 holde driften i gang og skape gode opplevelser for gjestene v\u00e5re, innenfor rammene av streiken. Hotellet og restauranten holder \u00e5pent, men er noe ber\u00f8rt. Det kan derfor hende at enkelte tilbud og tjenester er midlertidig redusert eller ikke tilgjengelige.\r\n\r\nVi kontakter deg dersom din reservasjon er ber\u00f8rt. H\u00f8rer du ikke noe fra oss vil alt v\u00e6re som normalt.\r\n\r\n\u00d8nsker du \u00e5 komme i kontakt med oss? Ring resepsjonen p\u00e5 +47 51 49 60 60 eller kontakt oss p\u00e5 <a href=\"mailto:booking@grand-egersund.no\">booking@grand-egersund.no<\/a>","_et_gb_content_width":"","footnotes":""},"categories":[1,37],"tags":[],"class_list":["post-241648","post","type-post","status-publish","format-standard","has-post-thumbnail","hentry","category-aktuelt","category-forside"],"yoast_head":"<!-- This site is optimized with the Yoast SEO plugin v27.4 - https:\/\/yoast.com\/product\/yoast-seo-wordpress\/ -->\n<title>Oppdatering om streik - Grand Hotell<\/title>\n<meta name=\"description\" content=\"Her kan du lese mer om hvordan streiken ber\u00f8rer oss.\" \/>\n<meta name=\"robots\" content=\"index, follow, max-snippet:-1, max-image-preview:large, max-video-preview:-1\" \/>\n<link rel=\"canonical\" href=\"https:\/\/grand-egersund.no\/en\/current\/oppdatering-om-streik\/\" \/>\n<meta property=\"og:locale\" content=\"en_GB\" \/>\n<meta property=\"og:type\" content=\"article\" \/>\n<meta property=\"og:title\" content=\"Oppdatering om streik - Grand Hotell\" \/>\n<meta property=\"og:description\" content=\"Her kan du lese mer om hvordan streiken ber\u00f8rer oss.\" \/>\n<meta property=\"og:url\" content=\"https:\/\/grand-egersund.no\/en\/current\/oppdatering-om-streik\/\" \/>\n<meta property=\"og:site_name\" content=\"Grand Hotell\" \/>\n<meta property=\"article:publisher\" content=\"https:\/\/www.facebook.com\/GrandHotellEgersund\" \/>\n<meta property=\"article:published_time\" content=\"2026-04-29T08:07:11+00:00\" \/>\n<meta property=\"article:modified_time\" content=\"2026-04-29T11:05:06+00:00\" \/>\n<meta property=\"og:image\" content=\"https:\/\/grand-egersund.no\/wp-content\/uploads\/2024\/05\/20220729-DSC06958-2.jpg\" \/>\n\t<meta property=\"og:image:width\" content=\"2223\" \/>\n\t<meta property=\"og:image:height\" content=\"1667\" \/>\n\t<meta property=\"og:image:type\" content=\"image\/jpeg\" \/>\n<meta name=\"author\" content=\"jorunn\" \/>\n<meta name=\"twitter:card\" content=\"summary_large_image\" \/>\n<meta name=\"twitter:label1\" content=\"Written by\" \/>\n\t<meta name=\"twitter:data1\" content=\"jorunn\" \/>\n\t<meta name=\"twitter:label2\" content=\"Estimated reading time\" \/>\n\t<meta name=\"twitter:data2\" content=\"1 minute\" \/>\n<script type=\"application\/ld+json\" class=\"yoast-schema-graph\">{\"@context\":\"https:\\\/\\\/schema.org\",\"@graph\":[{\"@type\":\"Article\",\"@id\":\"https:\\\/\\\/grand-egersund.no\\\/aktuelt\\\/oppdatering-om-streik\\\/#article\",\"isPartOf\":{\"@id\":\"https:\\\/\\\/grand-egersund.no\\\/aktuelt\\\/oppdatering-om-streik\\\/\"},\"author\":{\"name\":\"jorunn\",\"@id\":\"https:\\\/\\\/grand-egersund.no\\\/#\\\/schema\\\/person\\\/362a561dadf1f96d1c4d9ba67938c771\"},\"headline\":\"Oppdatering om streik\",\"datePublished\":\"2026-04-29T08:07:11+00:00\",\"dateModified\":\"2026-04-29T11:05:06+00:00\",\"mainEntityOfPage\":{\"@id\":\"https:\\\/\\\/grand-egersund.no\\\/aktuelt\\\/oppdatering-om-streik\\\/\"},\"wordCount\":241,\"publisher\":{\"@id\":\"https:\\\/\\\/grand-egersund.no\\\/#organization\"},\"image\":{\"@id\":\"https:\\\/\\\/grand-egersund.no\\\/aktuelt\\\/oppdatering-om-streik\\\/#primaryimage\"},\"thumbnailUrl\":\"https:\\\/\\\/grand-egersund.no\\\/wp-content\\\/uploads\\\/2024\\\/05\\\/20220729-DSC06958-2.jpg\",\"articleSection\":[\"Aktuelt\",\"Forside\"],\"inLanguage\":\"en-GB\"},{\"@type\":\"WebPage\",\"@id\":\"https:\\\/\\\/grand-egersund.no\\\/aktuelt\\\/oppdatering-om-streik\\\/\",\"url\":\"https:\\\/\\\/grand-egersund.no\\\/aktuelt\\\/oppdatering-om-streik\\\/\",\"name\":\"Oppdatering om streik - Grand Hotell\",\"isPartOf\":{\"@id\":\"https:\\\/\\\/grand-egersund.no\\\/#website\"},\"primaryImageOfPage\":{\"@id\":\"https:\\\/\\\/grand-egersund.no\\\/aktuelt\\\/oppdatering-om-streik\\\/#primaryimage\"},\"image\":{\"@id\":\"https:\\\/\\\/grand-egersund.no\\\/aktuelt\\\/oppdatering-om-streik\\\/#primaryimage\"},\"thumbnailUrl\":\"https:\\\/\\\/grand-egersund.no\\\/wp-content\\\/uploads\\\/2024\\\/05\\\/20220729-DSC06958-2.jpg\",\"datePublished\":\"2026-04-29T08:07:11+00:00\",\"dateModified\":\"2026-04-29T11:05:06+00:00\",\"description\":\"Her kan du lese mer om hvordan streiken ber\u00f8rer oss.\",\"breadcrumb\":{\"@id\":\"https:\\\/\\\/grand-egersund.no\\\/aktuelt\\\/oppdatering-om-streik\\\/#breadcrumb\"},\"inLanguage\":\"en-GB\",\"potentialAction\":[{\"@type\":\"ReadAction\",\"target\":[\"https:\\\/\\\/grand-egersund.no\\\/aktuelt\\\/oppdatering-om-streik\\\/\"]}]},{\"@type\":\"ImageObject\",\"inLanguage\":\"en-GB\",\"@id\":\"https:\\\/\\\/grand-egersund.no\\\/aktuelt\\\/oppdatering-om-streik\\\/#primaryimage\",\"url\":\"https:\\\/\\\/grand-egersund.no\\\/wp-content\\\/uploads\\\/2024\\\/05\\\/20220729-DSC06958-2.jpg\",\"contentUrl\":\"https:\\\/\\\/grand-egersund.no\\\/wp-content\\\/uploads\\\/2024\\\/05\\\/20220729-DSC06958-2.jpg\",\"width\":2223,\"height\":1667,\"caption\":\"Grand Hotell Egersund\"},{\"@type\":\"BreadcrumbList\",\"@id\":\"https:\\\/\\\/grand-egersund.no\\\/aktuelt\\\/oppdatering-om-streik\\\/#breadcrumb\",\"itemListElement\":[{\"@type\":\"ListItem\",\"position\":1,\"name\":\"Home\",\"item\":\"https:\\\/\\\/grand-egersund.no\\\/\"},{\"@type\":\"ListItem\",\"position\":2,\"name\":\"Oppdatering om streik\"}]},{\"@type\":\"WebSite\",\"@id\":\"https:\\\/\\\/grand-egersund.no\\\/#website\",\"url\":\"https:\\\/\\\/grand-egersund.no\\\/\",\"name\":\"Grand Hotell\",\"description\":\"I hjertet av Egersund\",\"publisher\":{\"@id\":\"https:\\\/\\\/grand-egersund.no\\\/#organization\"},\"potentialAction\":[{\"@type\":\"SearchAction\",\"target\":{\"@type\":\"EntryPoint\",\"urlTemplate\":\"https:\\\/\\\/grand-egersund.no\\\/?s={search_term_string}\"},\"query-input\":{\"@type\":\"PropertyValueSpecification\",\"valueRequired\":true,\"valueName\":\"search_term_string\"}}],\"inLanguage\":\"en-GB\"},{\"@type\":\"Organization\",\"@id\":\"https:\\\/\\\/grand-egersund.no\\\/#organization\",\"name\":\"Grand Hotell gersund\",\"url\":\"https:\\\/\\\/grand-egersund.no\\\/\",\"logo\":{\"@type\":\"ImageObject\",\"inLanguage\":\"en-GB\",\"@id\":\"https:\\\/\\\/grand-egersund.no\\\/#\\\/schema\\\/logo\\\/image\\\/\",\"url\":\"http:\\\/\\\/grand-egersund.no\\\/wp-content\\\/uploads\\\/2021\\\/12\\\/Grand-Egersund_logo_liggende_farge.png\",\"contentUrl\":\"http:\\\/\\\/grand-egersund.no\\\/wp-content\\\/uploads\\\/2021\\\/12\\\/Grand-Egersund_logo_liggende_farge.png\",\"width\":891,\"height\":434,\"caption\":\"Grand Hotell gersund\"},\"image\":{\"@id\":\"https:\\\/\\\/grand-egersund.no\\\/#\\\/schema\\\/logo\\\/image\\\/\"},\"sameAs\":[\"https:\\\/\\\/www.facebook.com\\\/GrandHotellEgersund\"]},{\"@type\":\"Person\",\"@id\":\"https:\\\/\\\/grand-egersund.no\\\/#\\\/schema\\\/person\\\/362a561dadf1f96d1c4d9ba67938c771\",\"name\":\"jorunn\",\"url\":\"https:\\\/\\\/grand-egersund.no\\\/en\\\/aktuelt\\\/author\\\/jorunn\\\/\"}]}<\/script>\n<!-- \/ Yoast SEO plugin. -->","yoast_head_json":{"title":"Oppdatering om streik - Grand Hotell","description":"Her kan du lese mer om hvordan streiken ber\u00f8rer oss.","robots":{"index":"index","follow":"follow","max-snippet":"max-snippet:-1","max-image-preview":"max-image-preview:large","max-video-preview":"max-video-preview:-1"},"canonical":"https:\/\/grand-egersund.no\/en\/current\/oppdatering-om-streik\/","og_locale":"en_GB","og_type":"article","og_title":"Oppdatering om streik - Grand Hotell","og_description":"Her kan du lese mer om hvordan streiken ber\u00f8rer oss.","og_url":"https:\/\/grand-egersund.no\/en\/current\/oppdatering-om-streik\/","og_site_name":"Grand Hotell","article_publisher":"https:\/\/www.facebook.com\/GrandHotellEgersund","article_published_time":"2026-04-29T08:07:11+00:00","article_modified_time":"2026-04-29T11:05:06+00:00","og_image":[{"width":2223,"height":1667,"url":"https:\/\/grand-egersund.no\/wp-content\/uploads\/2024\/05\/20220729-DSC06958-2.jpg","type":"image\/jpeg"}],"author":"jorunn","twitter_card":"summary_large_image","twitter_misc":{"Written by":"jorunn","Estimated reading time":"1 minute"},"schema":{"@context":"https:\/\/schema.org","@graph":[{"@type":"Article","@id":"https:\/\/grand-egersund.no\/aktuelt\/oppdatering-om-streik\/#article","isPartOf":{"@id":"https:\/\/grand-egersund.no\/aktuelt\/oppdatering-om-streik\/"},"author":{"name":"jorunn","@id":"https:\/\/grand-egersund.no\/#\/schema\/person\/362a561dadf1f96d1c4d9ba67938c771"},"headline":"Oppdatering om streik","datePublished":"2026-04-29T08:07:11+00:00","dateModified":"2026-04-29T11:05:06+00:00","mainEntityOfPage":{"@id":"https:\/\/grand-egersund.no\/aktuelt\/oppdatering-om-streik\/"},"wordCount":241,"publisher":{"@id":"https:\/\/grand-egersund.no\/#organization"},"image":{"@id":"https:\/\/grand-egersund.no\/aktuelt\/oppdatering-om-streik\/#primaryimage"},"thumbnailUrl":"https:\/\/grand-egersund.no\/wp-content\/uploads\/2024\/05\/20220729-DSC06958-2.jpg","articleSection":["Aktuelt","Forside"],"inLanguage":"en-GB"},{"@type":"WebPage","@id":"https:\/\/grand-egersund.no\/aktuelt\/oppdatering-om-streik\/","url":"https:\/\/grand-egersund.no\/aktuelt\/oppdatering-om-streik\/","name":"Oppdatering om streik - Grand Hotell","isPartOf":{"@id":"https:\/\/grand-egersund.no\/#website"},"primaryImageOfPage":{"@id":"https:\/\/grand-egersund.no\/aktuelt\/oppdatering-om-streik\/#primaryimage"},"image":{"@id":"https:\/\/grand-egersund.no\/aktuelt\/oppdatering-om-streik\/#primaryimage"},"thumbnailUrl":"https:\/\/grand-egersund.no\/wp-content\/uploads\/2024\/05\/20220729-DSC06958-2.jpg","datePublished":"2026-04-29T08:07:11+00:00","dateModified":"2026-04-29T11:05:06+00:00","description":"Her kan du lese mer om hvordan streiken ber\u00f8rer oss.","breadcrumb":{"@id":"https:\/\/grand-egersund.no\/aktuelt\/oppdatering-om-streik\/#breadcrumb"},"inLanguage":"en-GB","potentialAction":[{"@type":"ReadAction","target":["https:\/\/grand-egersund.no\/aktuelt\/oppdatering-om-streik\/"]}]},{"@type":"ImageObject","inLanguage":"en-GB","@id":"https:\/\/grand-egersund.no\/aktuelt\/oppdatering-om-streik\/#primaryimage","url":"https:\/\/grand-egersund.no\/wp-content\/uploads\/2024\/05\/20220729-DSC06958-2.jpg","contentUrl":"https:\/\/grand-egersund.no\/wp-content\/uploads\/2024\/05\/20220729-DSC06958-2.jpg","width":2223,"height":1667,"caption":"Grand Hotell Egersund"},{"@type":"BreadcrumbList","@id":"https:\/\/grand-egersund.no\/aktuelt\/oppdatering-om-streik\/#breadcrumb","itemListElement":[{"@type":"ListItem","position":1,"name":"Home","item":"https:\/\/grand-egersund.no\/"},{"@type":"ListItem","position":2,"name":"Oppdatering om streik"}]},{"@type":"WebSite","@id":"https:\/\/grand-egersund.no\/#website","url":"https:\/\/grand-egersund.no\/","name":"Grand Hotel","description":"In the heart of Egersund","publisher":{"@id":"https:\/\/grand-egersund.no\/#organization"},"potentialAction":[{"@type":"SearchAction","target":{"@type":"EntryPoint","urlTemplate":"https:\/\/grand-egersund.no\/?s={search_term_string}"},"query-input":{"@type":"PropertyValueSpecification","valueRequired":true,"valueName":"search_term_string"}}],"inLanguage":"en-GB"},{"@type":"Organization","@id":"https:\/\/grand-egersund.no\/#organization","name":"Grand Hotel gersund","url":"https:\/\/grand-egersund.no\/","logo":{"@type":"ImageObject","inLanguage":"en-GB","@id":"https:\/\/grand-egersund.no\/#\/schema\/logo\/image\/","url":"http:\/\/grand-egersund.no\/wp-content\/uploads\/2021\/12\/Grand-Egersund_logo_liggende_farge.png","contentUrl":"http:\/\/grand-egersund.no\/wp-content\/uploads\/2021\/12\/Grand-Egersund_logo_liggende_farge.png","width":891,"height":434,"caption":"Grand Hotell gersund"},"image":{"@id":"https:\/\/grand-egersund.no\/#\/schema\/logo\/image\/"},"sameAs":["https:\/\/www.facebook.com\/GrandHotellEgersund"]},{"@type":"Person","@id":"https:\/\/grand-egersund.no\/#\/schema\/person\/362a561dadf1f96d1c4d9ba67938c771","name":"jorunn","url":"https:\/\/grand-egersund.no\/en\/aktuelt\/author\/jorunn\/"}]}},"_links":{"self":[{"href":"https:\/\/grand-egersund.no\/en\/wp-json\/wp\/v2\/posts\/241648","targetHints":{"allow":["GET"]}}],"collection":[{"href":"https:\/\/grand-egersund.no\/en\/wp-json\/wp\/v2\/posts"}],"about":[{"href":"https:\/\/grand-egersund.no\/en\/wp-json\/wp\/v2\/types\/post"}],"author":[{"embeddable":true,"href":"https:\/\/grand-egersund.no\/en\/wp-json\/wp\/v2\/users\/6"}],"replies":[{"embeddable":true,"href":"https:\/\/grand-egersund.no\/en\/wp-json\/wp\/v2\/comments?post=241648"}],"version-history":[{"count":3,"href":"https:\/\/grand-egersund.no\/en\/wp-json\/wp\/v2\/posts\/241648\/revisions"}],"predecessor-version":[{"id":241657,"href":"https:\/\/grand-egersund.no\/en\/wp-json\/wp\/v2\/posts\/241648\/revisions\/241657"}],"wp:featuredmedia":[{"embeddable":true,"href":"https:\/\/grand-egersund.no\/en\/wp-json\/wp\/v2\/media\/238735"}],"wp:attachment":[{"href":"https:\/\/grand-egersund.no\/en\/wp-json\/wp\/v2\/media?parent=241648"}],"wp:term":[{"taxonomy":"category","embeddable":true,"href":"https:\/\/grand-egersund.no\/en\/wp-json\/wp\/v2\/categories?post=241648"},{"taxonomy":"post_tag","embeddable":true,"href":"https:\/\/grand-egersund.no\/en\/wp-json\/wp\/v2\/tags?post=241648"}],"curies":[{"name":"wp","href":"https:\/\/api.w.org\/{rel}","templated":true}]}}